{"id":7479,"date":"2026-06-22T12:52:12","date_gmt":"2026-06-22T12:52:12","guid":{"rendered":"https:\/\/uncover.ces.uc.pt\/?p=7479"},"modified":"2026-08-15T11:21:08","modified_gmt":"2026-08-15T11:21:08","slug":"ep-3-vanessa-ezequiel-lopes","status":"publish","type":"post","link":"https:\/\/uncover.ces.uc.pt\/en\/2026\/06\/22\/ep-3-vanessa-ezequiel-lopes\/","title":{"rendered":"Ep. 3 &#8211; Vanessa Ezequiel Lopes"},"content":{"rendered":"<p class=\"wp-block-paragraph\">Neste epis\u00f3dio, Lara Ximenes Coelho conversa com Vanessa Ezequiel Lopes, jornalista, ativista e presidente da Associa\u00e7\u00e3o Rizoma.<\/p>\n\n\n\n<p class=\"wp-block-paragraph\">A partir da sua experi\u00eancia na comunica\u00e7\u00e3o social e no trabalho com a comunidade cigana, a conversa passa pelo silenciamento, pelas desigualdades sociais e pelos tabus em torno da viol\u00eancia sexual.<\/p>\n\n\n\n<p class=\"wp-block-paragraph\">H\u00e1 ainda espa\u00e7o para refletir sobre a import\u00e2ncia da sensibiliza\u00e7\u00e3o e da forma\u00e7\u00e3o, e sobre o papel dos media na forma como falamos \u2014 ou deixamos de falar \u2014 sobre viol\u00eancia.<\/p>\n\n\n\n<p class=\"wp-block-paragraph\">Vanessa Ezequiel Lopes \u00e9 a primeira mulher cigana jornalista em Portugal. Passou pela Ag\u00eancia Lusa e pelo jornal P\u00fablico e, na R\u00e1dio Cova da Beira, criou a rubrica Mitos ou Verdades, dedicada \u00e0 desconstru\u00e7\u00e3o de estere\u00f3tipos sobre o povo Roma, outra designa\u00e7\u00e3o para as pessoas ciganas.<\/p>\n\n\n\n<p class=\"wp-block-paragraph\">\u00c9 presidente da Associa\u00e7\u00e3o Rizoma, cuja miss\u00e3o \u00e9 promover a integra\u00e7\u00e3o da comunidade cigana na sociedade portuguesa. \u00c9 tamb\u00e9m piv\u00f4 na Christian Life Magazine e est\u00e1 a desenvolver, no ISCTE, a sua disserta\u00e7\u00e3o de mestrado em Ci\u00eancia Pol\u00edtica, sobre a mobiliza\u00e7\u00e3o da comunidade cigana para o voto ap\u00f3s a ascens\u00e3o da extrema-direita na Assembleia da Rep\u00fablica.<\/p>\n\n\n\n<p class=\"wp-block-paragraph\">Vanessa come\u00e7ou a trabalhar como t\u00e9cnica de televis\u00e3o aos 19 anos e, por essa altura, come\u00e7ou tamb\u00e9m a sonhar ser jornalista. At\u00e9 ent\u00e3o, tinha conclu\u00eddo o 9.\u00ba ano de escolaridade, ap\u00f3s enfrentar v\u00e1rios obst\u00e1culos externos. A vontade de aprender e de prosseguir os estudos levou-a a continuar esse percurso.<\/p>\n\n\n\n<p class=\"wp-block-paragraph\">Vanessa \u00e9 ativista pelos direitos humanos e das mulheres. Partilha regularmente reflex\u00f5es sobre estes temas nas redes sociais, realiza palestras sobre diversidade, equidade e inclus\u00e3o em organiza\u00e7\u00f5es, empresas e escolas e acompanha jovens em risco de abandono escolar.<\/p>\n\n\n\n<p class=\"wp-block-paragraph\">O reconhecimento do seu trabalho tem levado Vanessa a participar em eventos nacionais e internacionais. Em 2021, foi oradora na confer\u00eancia Working Together for Roma Rights: Conference on Roma Equality, Inclusion and Participation in the EU, organizada pela Comiss\u00e3o Europeia. Em 2022, foi convidada como conferencista na Escola de Ver\u00e3o da Representa\u00e7\u00e3o Portuguesa da Comiss\u00e3o Europeia. Em 2023, representou Portugal e a comunidade cigana num debate, em Bruxelas, com o vice-presidente da Comiss\u00e3o Europeia, sobre comunica\u00e7\u00e3o social, pol\u00edtica e inclus\u00e3o. No mesmo ano, participou como oradora num painel sobre direitos humanos no XII Congresso dos Ju\u00edzes Portugueses.<\/p>\n\n\n\n<p class=\"wp-block-paragraph\">Nas palavras de Vanessa, \u00e9 poss\u00edvel revolucionar cren\u00e7as e libertar pessoas de hist\u00f3rias repetitivas que frustram gera\u00e7\u00f5es inteiras.<\/p>\n\n\n\n<p class=\"wp-block-paragraph\">Quebrar o Sil\u00eancio \u2013 apoio especializado a homens e rapazes sobreviventes de viol\u00eancia e abuso sexual<\/p>\n\n\n\n<p class=\"wp-block-paragraph\">\ud83c\udf10 https:\/\/www.quebrarosilencio.pt\/<\/p>\n\n\n\n<p class=\"wp-block-paragraph\">\ud83d\udcf1 910 846 589<\/p>\n\n\n\n<p class=\"wp-block-paragraph\">\ud83d\udce7 apoio@quebrarosilencio.pt<\/p>\n\n\n\n<p class=\"wp-block-paragraph\">Safe Internet Line (coordinator of the Portuguese Victim Support Association)<\/p>\n\n\n\n<p class=\"wp-block-paragraph\">\ud83c\udf10 https:\/\/apav.pt\/cibercrime\/index.php\/linha-internet-segura<\/p>\n\n\n\n<p class=\"wp-block-paragraph\">\ud83d\udcde 800 21 90 90<\/p>\n\n\n\n<p class=\"wp-block-paragraph\">\ud83d\udce7 linhainternetsegura@apav.pt<\/p>\n\n\n\n<p class=\"wp-block-paragraph\">Association of Women Against Violence<\/p>\n\n\n\n<p class=\"wp-block-paragraph\">\ud83c\udf10 https:\/\/www.amcv.org.pt\/<\/p>\n\n\n\n<figure class=\"wp-block-embed is-type-rich is-provider-spotify wp-block-embed-spotify wp-embed-aspect-21-9 wp-has-aspect-ratio\"><div class=\"wp-block-embed__wrapper\">\n<iframe title=\"Spotify Embed: Ep. 3 - Vanessa Ezequiel Lopes\" style=\"border-radius: 12px\" width=\"100%\" height=\"152\" frameborder=\"0\" allowfullscreen allow=\"autoplay; clipboard-write; encrypted-media; fullscreen; picture-in-picture\" loading=\"lazy\" src=\"https:\/\/open.spotify.com\/embed\/episode\/0GqJRQcnd1nTy7hOto323l?si=LHg0syy1S92oWZ9g6PJ-tw&amp;utm_source=oembed\"><\/iframe>\n<\/div><\/figure>","protected":false},"excerpt":{"rendered":"<p>Neste epis\u00f3dio, Lara Ximenes Coelho conversa com Vanessa Ezequiel Lopes, jornalista, ativista e presidente da Associa\u00e7\u00e3o Rizoma. A partir da sua experi\u00eancia na comunica\u00e7\u00e3o social e no trabalho com a&#8230;<\/p>","protected":false},"author":2,"featured_media":7467,"comment_status":"closed","ping_status":"closed","sticky":false,"template":"","format":"standard","meta":{"footnotes":""},"categories":[43],"tags":[],"class_list":["post-7479","post","type-post","status-publish","format-standard","has-post-thumbnail","category-podcast"],"_links":{"self":[{"href":"https:\/\/uncover.ces.uc.pt\/en\/wp-json\/wp\/v2\/posts\/7479","targetHints":{"allow":["GET"]}}],"collection":[{"href":"https:\/\/uncover.ces.uc.pt\/en\/wp-json\/wp\/v2\/posts"}],"about":[{"href":"https:\/\/uncover.ces.uc.pt\/en\/wp-json\/wp\/v2\/types\/post"}],"author":[{"embeddable":true,"href":"https:\/\/uncover.ces.uc.pt\/en\/wp-json\/wp\/v2\/users\/2"}],"replies":[{"embeddable":true,"href":"https:\/\/uncover.ces.uc.pt\/en\/wp-json\/wp\/v2\/comments?post=7479"}],"version-history":[{"count":3,"href":"https:\/\/uncover.ces.uc.pt\/en\/wp-json\/wp\/v2\/posts\/7479\/revisions"}],"predecessor-version":[{"id":7487,"href":"https:\/\/uncover.ces.uc.pt\/en\/wp-json\/wp\/v2\/posts\/7479\/revisions\/7487"}],"wp:featuredmedia":[{"embeddable":true,"href":"https:\/\/uncover.ces.uc.pt\/en\/wp-json\/wp\/v2\/media\/7467"}],"wp:attachment":[{"href":"https:\/\/uncover.ces.uc.pt\/en\/wp-json\/wp\/v2\/media?parent=7479"}],"wp:term":[{"taxonomy":"category","embeddable":true,"href":"https:\/\/uncover.ces.uc.pt\/en\/wp-json\/wp\/v2\/categories?post=7479"},{"taxonomy":"post_tag","embeddable":true,"href":"https:\/\/uncover.ces.uc.pt\/en\/wp-json\/wp\/v2\/tags?post=7479"}],"curies":[{"name":"wp","href":"https:\/\/api.w.org\/{rel}","templated":true}]}}