{"id":7250,"date":"2025-04-20T11:03:58","date_gmt":"2025-04-20T11:03:58","guid":{"rendered":"https:\/\/uncover.ces.uc.pt\/?p=7250"},"modified":"2025-04-20T11:03:58","modified_gmt":"2025-04-20T11:03:58","slug":"maria-teresa-horta-e-agora-como-continuamos","status":"publish","type":"post","link":"https:\/\/uncover.ces.uc.pt\/en\/2025\/04\/20\/maria-teresa-horta-e-agora-como-continuamos\/","title":{"rendered":"Maria Teresa Horta. E agora, como continuamos?"},"content":{"rendered":"<p>No poderoso texto de Maria Jo\u00e3o Faustino para o <i>P\u00fablico<\/i>, somos lembradas da for\u00e7a inabal\u00e1vel de Maria Teresa Horta \u2013 escritora, feminista, voz insurgente que nunca aceitou silenciamentos. A sua obra e ativismo foram e continuam a ser um farol para gera\u00e7\u00f5es que se recusam a abdicar da liberdade e da justi\u00e7a.<\/p>\n<p>\u201cContinuamos\u201d, escreve Maria Jo\u00e3o Faustino, porque as palavras de Maria Teresa Horta persistem, urgentes e necess\u00e1rias, no combate pelos direitos das mulheres e pela transforma\u00e7\u00e3o social.<\/p>\n<p>\ud83d\udd17 Leiam o artigo completo <a href=\"https:\/\/www.publico.pt\/2025\/02\/04\/p3\/cronica\/maria-teresa-horta-continuamos-2121304\">here<\/a>.<\/p>","protected":false},"excerpt":{"rendered":"<p>No poderoso texto de Maria Jo\u00e3o Faustino para o P\u00fablico, somos lembradas da for\u00e7a inabal\u00e1vel de Maria Teresa Horta \u2013 escritora, feminista, voz insurgente que nunca aceitou silenciamentos. A sua&#8230;<\/p>","protected":false},"author":2,"featured_media":7251,"comment_status":"closed","ping_status":"closed","sticky":false,"template":"","format":"standard","meta":{"footnotes":""},"categories":[27],"tags":[],"class_list":["post-7250","post","type-post","status-publish","format-standard","has-post-thumbnail","category-disseminacao"],"_links":{"self":[{"href":"https:\/\/uncover.ces.uc.pt\/en\/wp-json\/wp\/v2\/posts\/7250","targetHints":{"allow":["GET"]}}],"collection":[{"href":"https:\/\/uncover.ces.uc.pt\/en\/wp-json\/wp\/v2\/posts"}],"about":[{"href":"https:\/\/uncover.ces.uc.pt\/en\/wp-json\/wp\/v2\/types\/post"}],"author":[{"embeddable":true,"href":"https:\/\/uncover.ces.uc.pt\/en\/wp-json\/wp\/v2\/users\/2"}],"replies":[{"embeddable":true,"href":"https:\/\/uncover.ces.uc.pt\/en\/wp-json\/wp\/v2\/comments?post=7250"}],"version-history":[{"count":1,"href":"https:\/\/uncover.ces.uc.pt\/en\/wp-json\/wp\/v2\/posts\/7250\/revisions"}],"predecessor-version":[{"id":7252,"href":"https:\/\/uncover.ces.uc.pt\/en\/wp-json\/wp\/v2\/posts\/7250\/revisions\/7252"}],"wp:featuredmedia":[{"embeddable":true,"href":"https:\/\/uncover.ces.uc.pt\/en\/wp-json\/wp\/v2\/media\/7251"}],"wp:attachment":[{"href":"https:\/\/uncover.ces.uc.pt\/en\/wp-json\/wp\/v2\/media?parent=7250"}],"wp:term":[{"taxonomy":"category","embeddable":true,"href":"https:\/\/uncover.ces.uc.pt\/en\/wp-json\/wp\/v2\/categories?post=7250"},{"taxonomy":"post_tag","embeddable":true,"href":"https:\/\/uncover.ces.uc.pt\/en\/wp-json\/wp\/v2\/tags?post=7250"}],"curies":[{"name":"wp","href":"https:\/\/api.w.org\/{rel}","templated":true}]}}